{"id":10259,"date":"2026-08-27T13:57:36","date_gmt":"2026-08-27T12:57:36","guid":{"rendered":"https:\/\/www.academiedenimes.org\/site\/?p=10259"},"modified":"2026-08-27T13:57:36","modified_gmt":"2026-08-27T12:57:36","slug":"madame-fabienne-decottignies-nouvelle-prefete-du-gard","status":"publish","type":"post","link":"https:\/\/www.academiedenimes.org\/site\/madame-fabienne-decottignies-nouvelle-prefete-du-gard\/","title":{"rendered":"Madame Fabienne DECOTTIGNIES, nouvelle Pr\u00e9f\u00e8te du Gard"},"content":{"rendered":"<div class=\"wpb-content-wrapper\"><p>[vc_row][vc_column][vc_column_text css=\u00a0\u00bb\u00a0\u00bb]<\/p>\n<h3 style=\"text-align: center;\"><span style=\"color: #3366ff;\">Jeudi 27 ao\u00fbt<\/span><\/h3>\n<h2 style=\"text-align: center;\"><span style=\"color: #ff0000;\">Madame Fabienne DECOTTIGNIES<br \/>\na \u00e9t\u00e9 nomm\u00e9e<br \/>\nPr\u00e9f\u00e8te du Gard en remplacement de M. J\u00e9r\u00f4me BONET<\/span><\/h2>\n<h2 style=\"text-align: center;\"><span style=\"color: #ff0000;\"><br \/>\n<img loading=\"lazy\" decoding=\"async\" class=\"alignnone wp-image-10260\" src=\"https:\/\/www.academiedenimes.org\/site\/wp-content\/uploads\/Fabienne-Decottignies.png\" alt=\"\" width=\"390\" height=\"289\" srcset=\"https:\/\/www.academiedenimes.org\/site\/wp-content\/uploads\/Fabienne-Decottignies.png 904w, https:\/\/www.academiedenimes.org\/site\/wp-content\/uploads\/Fabienne-Decottignies-300x222.png 300w, https:\/\/www.academiedenimes.org\/site\/wp-content\/uploads\/Fabienne-Decottignies-768x569.png 768w\" sizes=\"auto, (max-width: 390px) 100vw, 390px\" \/><\/span><\/h2>\n<p>&nbsp;<\/p>\n<h2 style=\"text-align: center;\"><span style=\"color: #3366ff;\"><em><span style=\"font-family: Times New Roman, Times, serif;\"><i>\u00a0<\/i><\/span><\/em><\/span><\/h2>\n<h3 style=\"text-align: center;\"><span style=\"color: #3366ff;\">\u00a0 <\/span><\/h3>\n<h5 style=\"text-align: center;\"><\/h5>\n<h5 style=\"text-align: center;\"><\/h5>\n<p>[\/vc_column_text][\/vc_column][\/vc_row]<\/p>\n<\/div>","protected":false},"excerpt":{"rendered":"<p>Cliquer<\/p>\n","protected":false},"author":3,"featured_media":0,"comment_status":"closed","ping_status":"open","sticky":false,"template":"","format":"standard","meta":{"footnotes":""},"categories":[10,1],"tags":[],"class_list":["post-10259","post","type-post","status-publish","format-standard","hentry","category-10","category-actualites"],"_links":{"self":[{"href":"https:\/\/www.academiedenimes.org\/site\/wp-json\/wp\/v2\/posts\/10259","targetHints":{"allow":["GET"]}}],"collection":[{"href":"https:\/\/www.academiedenimes.org\/site\/wp-json\/wp\/v2\/posts"}],"about":[{"href":"https:\/\/www.academiedenimes.org\/site\/wp-json\/wp\/v2\/types\/post"}],"author":[{"embeddable":true,"href":"https:\/\/www.academiedenimes.org\/site\/wp-json\/wp\/v2\/users\/3"}],"replies":[{"embeddable":true,"href":"https:\/\/www.academiedenimes.org\/site\/wp-json\/wp\/v2\/comments?post=10259"}],"version-history":[{"count":1,"href":"https:\/\/www.academiedenimes.org\/site\/wp-json\/wp\/v2\/posts\/10259\/revisions"}],"predecessor-version":[{"id":10261,"href":"https:\/\/www.academiedenimes.org\/site\/wp-json\/wp\/v2\/posts\/10259\/revisions\/10261"}],"wp:attachment":[{"href":"https:\/\/www.academiedenimes.org\/site\/wp-json\/wp\/v2\/media?parent=10259"}],"wp:term":[{"taxonomy":"category","embeddable":true,"href":"https:\/\/www.academiedenimes.org\/site\/wp-json\/wp\/v2\/categories?post=10259"},{"taxonomy":"post_tag","embeddable":true,"href":"https:\/\/www.academiedenimes.org\/site\/wp-json\/wp\/v2\/tags?post=10259"}],"curies":[{"name":"wp","href":"https:\/\/api.w.org\/{rel}","templated":true}]}}